{"id":299,"date":"2019-03-01T18:00:39","date_gmt":"2019-03-01T17:00:39","guid":{"rendered":"http:\/\/isabellebalesdent.com\/info\/?p=299"},"modified":"2025-10-28T11:42:35","modified_gmt":"2025-10-28T10:42:35","slug":"soin-intuitif","status":"publish","type":"post","link":"https:\/\/isabellebalesdent.com\/accueil\/soin-intuitif\/","title":{"rendered":"Soin Intuitif"},"content":{"rendered":"<h2 style=\"font-weight: bold; text-align: center;\"><span style=\"text-decoration: underline; color: #00ccff;\">Soin \u00e9nerg\u00e9tique Intuitif<\/span><\/h2>\n<p>&nbsp;<\/p>\n<p style=\"text-align: center;\"><img fetchpriority=\"high\" decoding=\"async\" class=\"alignnone size-medium wp-image-3816\" src=\"https:\/\/isabellebalesdent.com\/accueil\/wp-content\/uploads\/2018\/12\/Lumi\u00e8re-Reiki-1-300x200.jpg\" alt=\"\" width=\"300\" height=\"200\" srcset=\"https:\/\/isabellebalesdent.com\/accueil\/wp-content\/uploads\/2018\/12\/Lumi\u00e8re-Reiki-1-300x200.jpg 300w, https:\/\/isabellebalesdent.com\/accueil\/wp-content\/uploads\/2018\/12\/Lumi\u00e8re-Reiki-1-768x512.jpg 768w, https:\/\/isabellebalesdent.com\/accueil\/wp-content\/uploads\/2018\/12\/Lumi\u00e8re-Reiki-1.jpg 850w\" sizes=\"(max-width: 300px) 100vw, 300px\" \/><\/p>\n<p>&nbsp;<\/p>\n<h3 style=\"text-align: center;\"><span style=\"color: #ba13ac;\">En quoi consiste le soin intuitif ?<\/span><\/h3>\n<p style=\"text-align: center;\"><span style=\"color: #00ccff;\"><b style=\"color: #00ccff;\">Le soin intuitif consiste \u00e0 couper les liens, ancrage, recentrage, <\/b><span style=\"color: #00ccff;\"><b>\u00e9liminations<\/b><\/span><b style=\"color: #00ccff;\"> des \u00e9nergies perturbatrices, <\/b><\/span><\/p>\n<p style=\"text-align: center;\"><span style=\"color: #00ccff;\"><b style=\"color: #00ccff;\">blocages sur les 12 m\u00e9ridiens, recharge \u00e9nerg\u00e9tique de la personne, <\/b><\/span><\/p>\n<p style=\"text-align: center;\"><span style=\"color: #00ccff;\"><b style=\"color: #00ccff;\">harmonisation des chakras &#8230;<\/b><\/span><\/p>\n<p>&nbsp;<\/p>\n<p style=\"text-align: center;\"><span style=\"color: #00ccff;\">J<strong>e pourrai \u00e9tablir un protocole de Fleurs de Bach en compl\u00e9ment au soin si cela est n\u00e9cessaire <\/strong><\/span><\/p>\n<p style=\"text-align: center;\"><span style=\"color: #00ccff;\"><strong>pour que vous puissiez continuer votre cheminement de gu\u00e9rison.<\/strong><\/span><\/p>\n<p style=\"text-align: center;\"><span style=\"color: #ba13ac;\"><strong>Et je finirai le soin avec un tirage de la carte du jour.<\/strong><\/span><\/p>\n<p>&nbsp;<\/p>\n<p style=\"text-align: center;\"><span style=\"color: #00ccff;\"><strong>Je vous accueille dans un cadre agr\u00e9able, calme et relaxant, je resterai tout au long du soin \u00e0 votre \u00e9coute.<\/strong><\/span><\/p>\n<h3 style=\"text-align: center;\"><span style=\"color: #ba13ac;\"><strong>Pour me contacter et prendre RDV<\/strong><\/span><\/h3>\n<h3 style=\"text-align: center;\"><span style=\"color: #ba13ac;\"><strong>Isabelle\u00a0<span style=\"color: #800080;\">\u2665\u2665<\/span>\u00a0<\/strong><\/span><\/h3>\n<h3 style=\"text-align: center;\"><span style=\"color: #ba13ac;\"><strong>06.03.09.52.12\u00a0<\/strong><\/span><\/h3>\n<h3 style=\"text-align: center;\"><span style=\"color: #ba13ac;\"><strong>Ou me poser des questions<\/strong><\/span><\/h3>\n<h3 style=\"text-align: center;\"><span style=\"color: #ba13ac;\"><strong>soinsenergetiques9@gmail.com<\/strong><\/span><\/h3>\n<p style=\"text-align: center;\"><span style=\"color: #ba13ac;\"><span style=\"color: #800080;\">\u00a0\u2665<\/span>\u00a0<strong>Les soins se font au cabinet, \u00e0 domicile ou \u00e0 distance\u00a0<span style=\"color: #800080;\">\u2665<\/span><\/strong><\/span><\/p>\n<p style=\"text-align: center;\"><img decoding=\"async\" class=\"alignnone size-medium wp-image-4762\" src=\"https:\/\/isabellebalesdent.com\/accueil\/wp-content\/uploads\/2021\/01\/namaste-site-279x300.jpg\" alt=\"\" width=\"279\" height=\"300\" srcset=\"https:\/\/isabellebalesdent.com\/accueil\/wp-content\/uploads\/2021\/01\/namaste-site-279x300.jpg 279w, https:\/\/isabellebalesdent.com\/accueil\/wp-content\/uploads\/2021\/01\/namaste-site.jpg 706w\" sizes=\"(max-width: 279px) 100vw, 279px\" \/><\/p>\n<p style=\"text-align: right;\"><a href=\"https:\/\/isabellebalesdent.com\/accueil\/wp-content\/uploads\/2014\/03\/images-11-e1427781362759.png\"><img decoding=\"async\" class=\"size-full wp-image-29 aligncenter\" src=\"https:\/\/isabellebalesdent.com\/accueil\/wp-content\/uploads\/2014\/03\/images-11-e1427781362759.png\" alt=\"images (1)\" width=\"50\" height=\"51\" \/><\/a><\/p>\n","protected":false},"excerpt":{"rendered":"<p>Soin \u00e9nerg\u00e9tique Intuitif &nbsp; &nbsp; En quoi consiste le soin intuitif ? Le soin intuitif consiste \u00e0 couper les liens, ancrage, recentrage, \u00e9liminations des \u00e9nergies perturbatrices, blocages sur les 12 m\u00e9ridiens, recharge \u00e9nerg\u00e9tique de la personne, harmonisation des chakras &#8230; &nbsp; Je pourrai \u00e9tablir un protocole de Fleurs de Bach en compl\u00e9ment au soin si&hellip; <br \/> <a class=\"read-more\" href=\"https:\/\/isabellebalesdent.com\/accueil\/soin-intuitif\/\">Lire la suite<\/a><\/p>\n","protected":false},"author":1120,"featured_media":1840,"comment_status":"open","ping_status":"open","sticky":false,"template":"","format":"standard","meta":{"om_disable_all_campaigns":false,"_monsterinsights_skip_tracking":false,"_monsterinsights_sitenote_active":false,"_monsterinsights_sitenote_note":"","_monsterinsights_sitenote_category":0,"footnotes":""},"categories":[8],"tags":[],"aioseo_notices":[],"_links":{"self":[{"href":"https:\/\/isabellebalesdent.com\/accueil\/wp-json\/wp\/v2\/posts\/299"}],"collection":[{"href":"https:\/\/isabellebalesdent.com\/accueil\/wp-json\/wp\/v2\/posts"}],"about":[{"href":"https:\/\/isabellebalesdent.com\/accueil\/wp-json\/wp\/v2\/types\/post"}],"author":[{"embeddable":true,"href":"https:\/\/isabellebalesdent.com\/accueil\/wp-json\/wp\/v2\/users\/1120"}],"replies":[{"embeddable":true,"href":"https:\/\/isabellebalesdent.com\/accueil\/wp-json\/wp\/v2\/comments?post=299"}],"version-history":[{"count":6,"href":"https:\/\/isabellebalesdent.com\/accueil\/wp-json\/wp\/v2\/posts\/299\/revisions"}],"predecessor-version":[{"id":6530,"href":"https:\/\/isabellebalesdent.com\/accueil\/wp-json\/wp\/v2\/posts\/299\/revisions\/6530"}],"wp:featuredmedia":[{"embeddable":true,"href":"https:\/\/isabellebalesdent.com\/accueil\/wp-json\/wp\/v2\/media\/1840"}],"wp:attachment":[{"href":"https:\/\/isabellebalesdent.com\/accueil\/wp-json\/wp\/v2\/media?parent=299"}],"wp:term":[{"taxonomy":"category","embeddable":true,"href":"https:\/\/isabellebalesdent.com\/accueil\/wp-json\/wp\/v2\/categories?post=299"},{"taxonomy":"post_tag","embeddable":true,"href":"https:\/\/isabellebalesdent.com\/accueil\/wp-json\/wp\/v2\/tags?post=299"}],"curies":[{"name":"wp","href":"https:\/\/api.w.org\/{rel}","templated":true}]}}