{"id":5797,"date":"2022-05-17T14:28:19","date_gmt":"2022-05-17T12:28:19","guid":{"rendered":"https:\/\/isabellebalesdent.com\/accueil\/?p=5797"},"modified":"2025-10-28T11:40:37","modified_gmt":"2025-10-28T10:40:37","slug":"soin-fleur-de-vie-geometrie-sacree","status":"publish","type":"post","link":"https:\/\/isabellebalesdent.com\/accueil\/soin-fleur-de-vie-geometrie-sacree\/","title":{"rendered":"Soin Fleur de vie g\u00e9om\u00e9trie sacr\u00e9e"},"content":{"rendered":"<h1 style=\"text-align: center;\"><span style=\"color: #800080;\">SOINS FLEUR DE VIE <\/span><\/h1>\n<h1 style=\"text-align: center;\"><span style=\"color: #800080;\">G\u00c9OM\u00c9TRIE SACR\u00c9E<\/span><\/h1>\n<p>&nbsp;<\/p>\n<p style=\"text-align: center;\"><img fetchpriority=\"high\" decoding=\"async\" class=\"alignnone wp-image-5806\" src=\"https:\/\/isabellebalesdent.com\/accueil\/wp-content\/uploads\/2022\/01\/photo-5-300x300.jpg\" alt=\"\" width=\"272\" height=\"272\" srcset=\"https:\/\/isabellebalesdent.com\/accueil\/wp-content\/uploads\/2022\/01\/photo-5-300x300.jpg 300w, https:\/\/isabellebalesdent.com\/accueil\/wp-content\/uploads\/2022\/01\/photo-5-1024x1024.jpg 1024w, https:\/\/isabellebalesdent.com\/accueil\/wp-content\/uploads\/2022\/01\/photo-5-150x150.jpg 150w, https:\/\/isabellebalesdent.com\/accueil\/wp-content\/uploads\/2022\/01\/photo-5-768x768.jpg 768w, https:\/\/isabellebalesdent.com\/accueil\/wp-content\/uploads\/2022\/01\/photo-5-600x600.jpg 600w, https:\/\/isabellebalesdent.com\/accueil\/wp-content\/uploads\/2022\/01\/photo-5-100x100.jpg 100w, https:\/\/isabellebalesdent.com\/accueil\/wp-content\/uploads\/2022\/01\/photo-5.jpg 1080w\" sizes=\"(max-width: 272px) 100vw, 272px\" \/><\/p>\n<p>&nbsp;<\/p>\n<h2 style=\"text-align: center;\"><span style=\"color: #0000ff;\"><strong>Qu\u2019est-ce que la fleur de vie ? <\/strong><\/span><\/h2>\n<div>\n<div class=\"\" dir=\"auto\">\n<div id=\"jsc_c_1i\" class=\"ecm0bbzt hv4rvrfc ihqw7lf3 dati1w0a\" data-ad-comet-preview=\"message\" data-ad-preview=\"message\">\n<div class=\"j83agx80 cbu4d94t ew0dbk1b irj2b8pg\">\n<div class=\"qzhwtbm6 knvmm38d\">\n<div class=\"cxmmr5t8 oygrvhab hcukyx3x c1et5uql o9v6fnle ii04i59q\">\n<div dir=\"auto\"><\/div>\n<\/div>\n<div class=\"cxmmr5t8 oygrvhab hcukyx3x c1et5uql o9v6fnle ii04i59q\">\n<div dir=\"auto\"><span style=\"color: #800080;\"><strong>La fleur de vie est un concentr\u00e9 de nombre d\u2019or de la suite de Fibonacci (principe math\u00e9matique).\u00a0<\/strong><\/span><\/div>\n<div dir=\"auto\"><span style=\"color: #800080;\"><strong>Il s\u2019agit d\u2019un entrelacement et d\u2019une superposition logique de 19 cercles et 36 demi-cercles.\u00a0Elle peut \u00eatre repr\u00e9sent\u00e9e de 7 cercles interconnect\u00e9s.<\/strong><\/span><\/div>\n<div dir=\"auto\"><span style=\"color: #800080;\"><strong>Le nombre d\u2019or se retrouve dans toutes les dimensions, et s\u2019expanse \u00e0 l\u2019infini.<\/strong><\/span><\/div>\n<div dir=\"auto\"><span style=\"color: #800080;\"><strong>Elle repr\u00e9sente la forme de construction des v\u00e9g\u00e9taux, des min\u00e9raux, elle est pr\u00e9sente dans notre structure mol\u00e9culaire et notre ADN.<\/strong><\/span><\/div>\n<div dir=\"auto\"><strong><span style=\"color: #800080;\">Elle est toute cr\u00e9ation na\u00eet d\u2019une source unique, d\u2019une \u00e9nergie divine ou vibration cosmique.<\/span><\/strong><\/div>\n<div dir=\"auto\"><strong><span style=\"color: #800080;\">La fleur de vie repr\u00e9sente aussi une onde de forme qui dispose d\u2019un grand pouvoir vibratoire et une forte harmonie \u00e9nerg\u00e9tique.C&rsquo;est un portail extraordinaire entre le cosmique et le tellurique, un acc\u00e9l\u00e9rateur d&rsquo;\u00e9nergie, qui vous guide sur votre chemin de vie.<\/span><\/strong><\/div>\n<div dir=\"auto\"><\/div>\n<\/div>\n<\/div>\n<\/div>\n<\/div>\n<div dir=\"auto\"><\/div>\n<div id=\"jsc_c_1i\" class=\"ecm0bbzt hv4rvrfc ihqw7lf3 dati1w0a\" data-ad-comet-preview=\"message\" data-ad-preview=\"message\">\n<div class=\"j83agx80 cbu4d94t ew0dbk1b irj2b8pg\">\n<div class=\"qzhwtbm6 knvmm38d\">\n<div class=\"cxmmr5t8 oygrvhab hcukyx3x c1et5uql o9v6fnle ii04i59q\">\n<div dir=\"auto\"><\/div>\n<h2 dir=\"auto\"><\/h2>\n<h2 dir=\"auto\" style=\"text-align: center;\"><span style=\"color: #0000ff;\"><strong>La forme g\u00e9om\u00e9trique sacr\u00e9e <\/strong><\/span><\/h2>\n<h2 dir=\"auto\" style=\"text-align: center;\"><span style=\"color: #0000ff;\"><strong>de la Fleur de vie<\/strong><\/span><\/h2>\n<div dir=\"auto\"><\/div>\n<\/div>\n<div class=\"cxmmr5t8 oygrvhab hcukyx3x c1et5uql o9v6fnle ii04i59q\">\n<h3 dir=\"auto\"><span style=\"color: #3366ff;\"><strong>La fleur de vie poss\u00e8de \u00e9galement des repr\u00e9sentations internes de symboles sacr\u00e9s comme :<\/strong><\/span><\/h3>\n<div dir=\"auto\"><\/div>\n<\/div>\n<div class=\"cxmmr5t8 oygrvhab hcukyx3x c1et5uql o9v6fnle ii04i59q\">\n<div dir=\"auto\"><span style=\"color: #800080;\"><strong><span style=\"color: #3366ff;\">La graine de vie, L\u2019\u0153uf de la vie, la fleur de vie, le fruit de vie.<\/span> Tous ces symboles se retrouvent \u00e0 travers la rosace de ce symbole.<\/strong><\/span><\/div>\n<div dir=\"auto\"><strong><span style=\"color: #800080;\">C\u2019est un symbole sacr\u00e9 qui permet de relier l\u2019esprit cosmique (le ciel) \u00e0 l\u2019esprit tellurique (la Terre).<\/span><\/strong><\/div>\n<div dir=\"auto\"><\/div>\n<\/div>\n<div class=\"cxmmr5t8 oygrvhab hcukyx3x c1et5uql o9v6fnle ii04i59q\">\n<div dir=\"auto\"><span style=\"color: #3366ff;\"><strong>La Graine de Vie,<\/strong><\/span> <span style=\"color: #800080;\"><strong>compos\u00e9e de 7 cercles ext\u00e9rieurs ou l\u2019on retrouve le nombre d\u2019or et correspond aux 7 jours de cr\u00e9ation du monde, les 7 chakras, les 7 couleurs, les 7 notes de musiques, les 7 glandes endocrines. Elle est symbole de fertilit\u00e9.<\/strong><\/span><\/div>\n<div dir=\"auto\"><\/div>\n<\/div>\n<div class=\"cxmmr5t8 oygrvhab hcukyx3x c1et5uql o9v6fnle ii04i59q\">\n<div dir=\"auto\"><span style=\"color: #3366ff;\"><strong>L\u2019\u0152uf de Vie,<\/strong><\/span> <strong><span style=\"color: #800080;\">correspond \u00e0 la partie centrale de la Fleur de vie. Il repr\u00e9sente la forme d\u2019un embryon multicellulaire dans ses premi\u00e8res heures de formation. Symbole de cr\u00e9ativit\u00e9.<\/span><\/strong><\/div>\n<div dir=\"auto\"><\/div>\n<\/div>\n<div class=\"cxmmr5t8 oygrvhab hcukyx3x c1et5uql o9v6fnle ii04i59q\">\n<div dir=\"auto\"><strong><span style=\"color: #0000ff;\"><span style=\"color: #3366ff;\">La Fleur de Vie,<\/span><\/span> <span style=\"color: #800080;\">symbole universel de protection, harmonie, cr\u00e9ativit\u00e9, fertilit\u00e9, ancrage, abondance, Les \u00c9gyptiens l\u2019utilisaient comme outil de gu\u00e9rison.<\/span><\/strong><\/div>\n<div dir=\"auto\"><\/div>\n<\/div>\n<div class=\"cxmmr5t8 oygrvhab hcukyx3x c1et5uql o9v6fnle ii04i59q\">\n<div dir=\"auto\"><strong><span style=\"color: #3366ff;\">Le Fruit de Vie,<\/span> <span style=\"color: #800080;\">se d\u00e9cline en 13 cercles qui viennent prendre la forme d\u2019une \u00e9toile. Symbolise l\u2019atome et les diff\u00e9rentes structures mol\u00e9culaires vitales. Energie et protection. Il contient la base g\u00e9om\u00e9trique pour le trac\u00e9 du Cube de M\u00e9tatron qui met en \u00e9vidence les solides de Platon.<\/span><\/strong><\/div>\n<div dir=\"auto\"><strong><span style=\"color: #800080;\">Les solides de Platon, c\u2019est-\u00e0-dire cinq formes g\u00e9om\u00e9triques qui ont permis de construire l\u2019univers et qui symbolisent les cinq \u00e9l\u00e9ments de la nature, repr\u00e9sent\u00e9s par l\u2019eau (l\u2019icosa\u00e8dre), l\u2019air (l\u2019octa\u00e8dre), le feu (le t\u00e9tra\u00e8dre), la terre (le cube de M\u00e9tatron) et l\u2019esprit (le dod\u00e9ca\u00e8dre).<\/span><\/strong><\/div>\n<div dir=\"auto\"><\/div>\n<\/div>\n<div dir=\"auto\"><\/div>\n<div class=\"cxmmr5t8 oygrvhab hcukyx3x c1et5uql o9v6fnle ii04i59q\">\n<h2 dir=\"auto\"><\/h2>\n<\/div>\n<div class=\"cxmmr5t8 oygrvhab hcukyx3x c1et5uql o9v6fnle ii04i59q\">\n<h2 dir=\"auto\" style=\"text-align: center;\"><span style=\"color: #0000ff;\"><strong>G\u00e9om\u00e9trie sacr\u00e9e, c&rsquo;est quoi ?<\/strong><\/span><\/h2>\n<div dir=\"auto\"><\/div>\n<\/div>\n<div class=\"cxmmr5t8 oygrvhab hcukyx3x c1et5uql o9v6fnle ii04i59q\">\n<h3 dir=\"auto\"><span style=\"color: #3366ff;\"><strong>Lorsque l&rsquo;on dit que la fleur de vie est li\u00e9e \u00e0 la g\u00e9om\u00e9trie sacr\u00e9e, qu&rsquo;est-ce que cela signifie ?<\/strong><\/span><\/h3>\n<div dir=\"auto\"><\/div>\n<\/div>\n<div class=\"cxmmr5t8 oygrvhab hcukyx3x c1et5uql o9v6fnle ii04i59q\">\n<div dir=\"auto\"><span style=\"color: #800080;\"><strong>L&rsquo;id\u00e9e g\u00e9n\u00e9rale de la g\u00e9om\u00e9trie sacr\u00e9e est que lorsque l&rsquo;on observe une forme parfaite, cette forme contient tous les principes de cr\u00e9ation de l&rsquo;univers ; par cons\u00e9quent nous contemplons donc la cr\u00e9ation divine et l&rsquo;origine du tout. Nous sommes alors en lien avec le sacr\u00e9, c&rsquo;est pourquoi il est int\u00e9ressant de travailler avec la fleur de vie, elle favorise l&rsquo;\u00e9l\u00e9vation spirituelle.<\/strong><\/span><\/div>\n<div dir=\"auto\"><\/div>\n<\/div>\n<div dir=\"auto\"><\/div>\n<div class=\"cxmmr5t8 oygrvhab hcukyx3x c1et5uql o9v6fnle ii04i59q\">\n<div dir=\"auto\"><\/div>\n<div dir=\"auto\"><\/div>\n<\/div>\n<div class=\"cxmmr5t8 oygrvhab hcukyx3x c1et5uql o9v6fnle ii04i59q\">\n<h2 dir=\"auto\" style=\"text-align: center;\"><strong><span style=\"color: #0000ff;\">Bienfait de la fleur de vie\u00a0<\/span><\/strong><\/h2>\n<div dir=\"auto\"><\/div>\n<\/div>\n<div class=\"cxmmr5t8 oygrvhab hcukyx3x c1et5uql o9v6fnle ii04i59q\">\n<ul>\n<li><span style=\"color: #3366ff;\"><strong>La Fleur de vie se r\u00e9g\u00e9n\u00e8re en permanence, elle n&rsquo;a donc pas besoin d&rsquo;\u00eatre nettoy\u00e9e.<\/strong><\/span><\/li>\n<\/ul>\n<\/div>\n<div class=\"cxmmr5t8 oygrvhab hcukyx3x c1et5uql o9v6fnle ii04i59q\">\n<ul>\n<li dir=\"auto\"><strong><span style=\"color: #800080;\">Dynamise, revitalise<\/span><\/strong><\/li>\n<li dir=\"auto\"><strong><span style=\"color: #800080;\">Augmente le taux vibratoire<\/span><\/strong><\/li>\n<li dir=\"auto\"><strong><span style=\"color: #800080;\">Repousse les \u00e9nergies n\u00e9gatives<\/span><\/strong><\/li>\n<li dir=\"auto\"><strong><span style=\"color: #800080;\">Prot\u00e8ge<\/span><\/strong><\/li>\n<li dir=\"auto\"><strong><span style=\"color: #800080;\">Vous accompagne en m\u00e9ditation<\/span><\/strong><\/li>\n<li dir=\"auto\"><strong><span style=\"color: #800080;\">Harmonise les chakras<\/span><\/strong><\/li>\n<li dir=\"auto\"><strong><span style=\"color: #800080;\">Ancre, Recentre<\/span><\/strong><\/li>\n<li dir=\"auto\"><strong><span style=\"color: #800080;\">Calme, apaise<\/span><\/strong><\/li>\n<li dir=\"auto\"><strong><span style=\"color: #800080;\">Diminuer le stress, les angoisses, d\u00e9pression<\/span><\/strong><\/li>\n<li dir=\"auto\"><strong><span style=\"color: #800080;\">Am\u00e9liore la qualit\u00e9 du sommeil<\/span><\/strong><\/li>\n<li dir=\"auto\"><strong><span style=\"color: #800080;\">Travail sur les douleurs<\/span><\/strong><\/li>\n<li dir=\"auto\"><strong><span style=\"color: #800080;\">Purifie les lieux et objets<\/span><\/strong><\/li>\n<li dir=\"auto\"><strong><span style=\"color: #800080;\">Recharge les pierres et cristaux<\/span><\/strong><\/li>\n<li dir=\"auto\"><strong><span style=\"color: #800080;\">Am\u00e9liore la conservation des aliments (redynamiser sa nourriture)<\/span><\/strong><\/li>\n<li dir=\"auto\"><strong><span style=\"color: #800080;\">Am\u00e9liore la qualit\u00e9 de l\u2019eau (redynamise et structure l\u2019eau) \u2026<\/span><\/strong><\/li>\n<\/ul>\n<div dir=\"auto\"><\/div>\n<\/div>\n<div class=\"cxmmr5t8 oygrvhab hcukyx3x c1et5uql o9v6fnle ii04i59q\">\n<div dir=\"auto\"><strong><span style=\"color: #800080;\">Il existe une infinit\u00e9 de possibilit\u00e9s avec la fleur de vie g\u00e9om\u00e9trie sacr\u00e9e en fonction de l\u2019usage ou des soins que l\u2019on prodigue pour la personne.<\/span><\/strong><\/div>\n<div dir=\"auto\"><\/div>\n<\/div>\n<div class=\"cxmmr5t8 oygrvhab hcukyx3x c1et5uql o9v6fnle ii04i59q\">\n<ul>\n<li dir=\"auto\"><span style=\"color: #3366ff;\"><strong>Sa subtilit\u00e9 d\u2019action vibratoire, ainsi l\u2019activation de la g\u00e9om\u00e9trie sacr\u00e9e associ\u00e9e aux cristaux d\u00e9multiplie sa puissance. Ce soin est tr\u00e8s puissant, la fleur de vie est r\u00e9alis\u00e9e par moi-m\u00eame. J\u2019ouvre un espace sacr\u00e9 de gu\u00e9rison rien que pour vous !<\/strong><\/span><\/li>\n<li dir=\"auto\"><span style=\"color: #3366ff;\"><strong>Je vous accompagne avec la fleur de vie g\u00e9om\u00e9trie sacr\u00e9e, sur les diff\u00e9rents plans de l\u2019\u00eatre, physique, \u00e9motionnel, spirituel ainsi qu\u2019une reconnexion avec votre \u00c2me et essence divine.<\/strong><\/span><\/li>\n<\/ul>\n<\/div>\n<div class=\"cxmmr5t8 oygrvhab hcukyx3x c1et5uql o9v6fnle ii04i59q\">\n<ul>\n<li dir=\"auto\"><span style=\"color: #3366ff;\"><strong>D\u00e9poser directement sur le corps, \u00e0 un endroit bien pr\u00e9cis, ou pr\u00eat de vous suivant le soin prodiguer, vous profiterez de tous ses bienfaits.<\/strong><\/span><\/li>\n<li dir=\"auto\"><span style=\"color: #3366ff;\"><strong>Le travail est personnalis\u00e9 en fonction de votre demande.<\/strong><\/span><\/li>\n<li dir=\"auto\"><span style=\"color: #3366ff;\"><strong>Chaque s\u00e9ance est diff\u00e9rente ainsi que les ressentis en fonction de la personne.\u00a0<\/strong><\/span><\/li>\n<li dir=\"auto\"><span style=\"color: #3366ff;\"><strong>Plusieurs s\u00e9ances peuvent \u00eatre n\u00e9cessaires, afin que la fleur de vie g\u00e9om\u00e9trie sacr\u00e9e op\u00e8re et s\u2019ajuste \u00e0 la fr\u00e9quence vibratoire qui vous convienne.<\/strong><\/span><\/li>\n<\/ul>\n<div dir=\"auto\"><\/div>\n<div dir=\"auto\"><\/div>\n<div dir=\"auto\"><\/div>\n<div dir=\"auto\"><\/div>\n<\/div>\n<div class=\"cxmmr5t8 oygrvhab hcukyx3x c1et5uql o9v6fnle ii04i59q\">\n<h2 dir=\"auto\" style=\"text-align: center;\"><span style=\"color: #800080;\"><strong>Pour prendre RDV c\u2019est simple <\/strong><\/span><\/h2>\n<h2 dir=\"auto\" style=\"text-align: center;\"><span style=\"color: #800080;\"><strong>au 06 03 09 52 12 ou soinsenergetiques9@gmail.com<\/strong><\/span><\/h2>\n<\/div>\n<\/div>\n<\/div>\n<\/div>\n<\/div>\n<\/div>\n<p>&nbsp;<\/p>\n<p style=\"text-align: center;\"><span style=\"color: #3366ff;\">\u2665\u00a0<strong>Les soins se font au cabinet \u2665<\/strong><\/span><\/p>\n<div>\n<div class=\"\" dir=\"auto\">\n<div id=\"jsc_c_1i\" class=\"ecm0bbzt hv4rvrfc ihqw7lf3 dati1w0a\" data-ad-comet-preview=\"message\" data-ad-preview=\"message\">\n<div class=\"j83agx80 cbu4d94t ew0dbk1b irj2b8pg\">\n<div class=\"qzhwtbm6 knvmm38d\">\n<div class=\"cxmmr5t8 oygrvhab hcukyx3x c1et5uql o9v6fnle ii04i59q\">\n<h3 dir=\"auto\" style=\"text-align: center;\"><span style=\"color: #800080;\"><strong>\u2665\u2665Isabelle\u2665\u2665\u00a0<\/strong><\/span><\/h3>\n<\/div>\n<\/div>\n<\/div>\n<\/div>\n<\/div>\n<div id=\"jsc_c_1j\" class=\"l9j0dhe7\">\n<div class=\"l9j0dhe7\">\n<div class=\"l9j0dhe7\">\n<div class=\"l9j0dhe7\">\n<div class=\"ni8dbmo4 stjgntxs pmk7jnqg\">\n<div class=\"stjgntxs ni8dbmo4\">\n<div class=\"do00u71z ni8dbmo4 stjgntxs l9j0dhe7\">\n<div class=\"pmk7jnqg kr520xx4\"><\/div>\n<\/div>\n<div class=\"kr520xx4 j9ispegn pmk7jnqg hzruof5a n7fi1qx3 rq0escxv i09qtzwb opwvks06 linmgsc8\" style=\"text-align: center;\"><img decoding=\"async\" class=\"alignnone size-medium wp-image-4762\" src=\"https:\/\/isabellebalesdent.com\/accueil\/wp-content\/uploads\/2021\/01\/namaste-site-279x300.jpg\" alt=\"\" width=\"279\" height=\"300\" srcset=\"https:\/\/isabellebalesdent.com\/accueil\/wp-content\/uploads\/2021\/01\/namaste-site-279x300.jpg 279w, https:\/\/isabellebalesdent.com\/accueil\/wp-content\/uploads\/2021\/01\/namaste-site.jpg 706w\" sizes=\"(max-width: 279px) 100vw, 279px\" \/><\/div>\n<\/div>\n<div class=\"n00je7tq arfg74bv qs9ysxi8 k77z8yql i09qtzwb n7fi1qx3 b5wmifdl hzruof5a pmk7jnqg j9ispegn kr520xx4 c5ndavph art1omkt ot9fgl3s r9n4d945\" data-visualcompletion=\"ignore\"><\/div>\n<\/div>\n<div class=\"ni8dbmo4 stjgntxs pmk7jnqg\">\n<div class=\"stjgntxs ni8dbmo4\">\n<div class=\"kr520xx4 j9ispegn pmk7jnqg hzruof5a n7fi1qx3 rq0escxv i09qtzwb opwvks06 linmgsc8\" style=\"text-align: center;\"><img decoding=\"async\" class=\"alignnone size-full wp-image-1742\" src=\"https:\/\/isabellebalesdent.com\/accueil\/wp-content\/uploads\/2014\/03\/cropped-images-11-e1427781362759-1.png\" alt=\"\" width=\"50\" height=\"50\" \/><\/div>\n<\/div>\n<div class=\"n00je7tq arfg74bv qs9ysxi8 k77z8yql i09qtzwb n7fi1qx3 b5wmifdl hzruof5a pmk7jnqg j9ispegn kr520xx4 c5ndavph art1omkt ot9fgl3s\" data-visualcompletion=\"ignore\"><\/div>\n<\/div>\n<\/div>\n<\/div>\n<\/div>\n<\/div>\n<\/div>\n","protected":false},"excerpt":{"rendered":"<p>SOINS FLEUR DE VIE G\u00c9OM\u00c9TRIE SACR\u00c9E &nbsp; &nbsp; Qu\u2019est-ce que la fleur de vie ? La fleur de vie est un concentr\u00e9 de nombre d\u2019or de la suite de Fibonacci (principe math\u00e9matique).\u00a0 Il s\u2019agit d\u2019un entrelacement et d\u2019une superposition logique de 19 cercles et 36 demi-cercles.\u00a0Elle peut \u00eatre repr\u00e9sent\u00e9e de 7 cercles interconnect\u00e9s. Le nombre&hellip; <br \/> <a class=\"read-more\" href=\"https:\/\/isabellebalesdent.com\/accueil\/soin-fleur-de-vie-geometrie-sacree\/\">Lire la suite<\/a><\/p>\n","protected":false},"author":1120,"featured_media":5807,"comment_status":"open","ping_status":"open","sticky":false,"template":"","format":"standard","meta":{"om_disable_all_campaigns":false,"_monsterinsights_skip_tracking":false,"_monsterinsights_sitenote_active":false,"_monsterinsights_sitenote_note":"","_monsterinsights_sitenote_category":0,"footnotes":""},"categories":[8],"tags":[],"aioseo_notices":[],"_links":{"self":[{"href":"https:\/\/isabellebalesdent.com\/accueil\/wp-json\/wp\/v2\/posts\/5797"}],"collection":[{"href":"https:\/\/isabellebalesdent.com\/accueil\/wp-json\/wp\/v2\/posts"}],"about":[{"href":"https:\/\/isabellebalesdent.com\/accueil\/wp-json\/wp\/v2\/types\/post"}],"author":[{"embeddable":true,"href":"https:\/\/isabellebalesdent.com\/accueil\/wp-json\/wp\/v2\/users\/1120"}],"replies":[{"embeddable":true,"href":"https:\/\/isabellebalesdent.com\/accueil\/wp-json\/wp\/v2\/comments?post=5797"}],"version-history":[{"count":10,"href":"https:\/\/isabellebalesdent.com\/accueil\/wp-json\/wp\/v2\/posts\/5797\/revisions"}],"predecessor-version":[{"id":6528,"href":"https:\/\/isabellebalesdent.com\/accueil\/wp-json\/wp\/v2\/posts\/5797\/revisions\/6528"}],"wp:featuredmedia":[{"embeddable":true,"href":"https:\/\/isabellebalesdent.com\/accueil\/wp-json\/wp\/v2\/media\/5807"}],"wp:attachment":[{"href":"https:\/\/isabellebalesdent.com\/accueil\/wp-json\/wp\/v2\/media?parent=5797"}],"wp:term":[{"taxonomy":"category","embeddable":true,"href":"https:\/\/isabellebalesdent.com\/accueil\/wp-json\/wp\/v2\/categories?post=5797"},{"taxonomy":"post_tag","embeddable":true,"href":"https:\/\/isabellebalesdent.com\/accueil\/wp-json\/wp\/v2\/tags?post=5797"}],"curies":[{"name":"wp","href":"https:\/\/api.w.org\/{rel}","templated":true}]}}